{"id":8081,"date":"2019-04-26T12:16:55","date_gmt":"2019-04-26T10:16:55","guid":{"rendered":"http:\/\/www.hcampagnola.com\/de\/?p=8081"},"modified":"2020-01-09T14:50:27","modified_gmt":"2020-01-09T13:50:27","slug":"klima-und-winde-am-gardasee","status":"publish","type":"post","link":"https:\/\/www.hcampagnola.com\/de\/klima-und-winde-am-gardasee\/","title":{"rendered":"Klima und Winde am Gardasee"},"content":{"rendered":"<p>Das Seewasser, das im Sommer k\u00e4lter als die Luft ist und im Winter w\u00e4rmer, schw\u00e4cht hier die sommerliche Hitze wie die winterliche K\u00e4lte ab und schafft ein au\u00dfergew\u00f6hnlich mildes, ausgeglichenes Klima.\u00a0Das Gardaseegebiet hat die Merkmale einer <strong>\u201exerothermen voralpinen Oase\u201d<\/strong>.<\/p>\n<p>Das milde submediterrane Klima unterscheidet sich von dem der anderen Seen, sodass man hier von einem eigenen <strong>\u201eGardaseeklima\u201d<\/strong> sprechen kann.<\/p>\n<p>Die Temperaturen kommen im Winter auf Mittelwerte zwischen 12 und 18 Grad, im Sommer zwischen 24 und 30 Grad.Von den umliegenden Bergen wehen bisweilen auch starke Winde herab, unter denen besonders zwei zu erw\u00e4hnen sind: Der\u00a0<strong>Pel\u00e9r<\/strong>\u00a0weht am Morgen, wenn die milde Luft vom See aufsteigt und Luft aus dem Sarcatal nach sich zieht, von Norden nach S\u00fcden; der\u00a0<strong>Ora-Wind<\/strong> dagegen weht am Nachmittag bis in den Abend hinein von S\u00fcden nach Norden. Es handelt sich um einen Seewind, der in die von der Sonneneinstrahlung erw\u00e4rmten Berge frischere Luft f\u00fchrt.<\/p>\n<p>Daneben gibt es aber viele andere, weniger bekannte Winde: Der starke\u00a0Bal\u00ec\u00a0oder\u00a0Balinot\u00a0weht vom Passo Ballino oberhalb von Riva, die von Osten wehende\u00a0Vinessa\u00a0wird als Fortsetzung der Bora aus Triest angesehen, der Ander\u00a0steigt gegen Norden auf, die frische\u00a0Gardesana\u00a0mildert die hochsommerliche Hitze, und der von Westen her aus dem Valle di Ledro kommende\u00a0Ponale\u00a0weht abends oder nachts, bisweilen aber auch am Morgen. Und dazu dann noch zahlreiche andere Winde, die je nach Gebiet unterschiedliche Namen haben.<\/p>\n","protected":false},"excerpt":{"rendered":"Das Seewasser, das im Sommer k\u00e4lter als die Luft ist und im Winter w\u00e4rmer, schw\u00e4cht hier die sommerliche Hitze wie die winterliche K\u00e4lte ab und schafft ein au\u00dfergew\u00f6hnlich mildes, ausgeglichenes Klima.\u00a0Das Gardaseegebiet hat die Merkmale einer \u201exerothermen voralpinen Oase\u201d. Das milde submediterrane Klima unterscheidet sich von dem der anderen Seen, sodass man hier von einem&#8230; <a class=\"view-article\" href=\"https:\/\/www.hcampagnola.com\/de\/klima-und-winde-am-gardasee\/\">Artikel ansehen<\/a>","protected":false},"author":6,"featured_media":10255,"comment_status":"closed","ping_status":"open","sticky":false,"template":"","format":"standard","meta":{"_acf_changed":false,"footnotes":"","_members_access_role":[],"_members_access_error":""},"categories":[18,31],"tags":[],"class_list":["post-8081","post","type-post","status-publish","format-standard","has-post-thumbnail","hentry","category-news-de","category-news-benvenuto-de"],"acf":[],"_links":{"self":[{"href":"https:\/\/www.hcampagnola.com\/de\/wp-json\/wp\/v2\/posts\/8081","targetHints":{"allow":["GET"]}}],"collection":[{"href":"https:\/\/www.hcampagnola.com\/de\/wp-json\/wp\/v2\/posts"}],"about":[{"href":"https:\/\/www.hcampagnola.com\/de\/wp-json\/wp\/v2\/types\/post"}],"author":[{"embeddable":true,"href":"https:\/\/www.hcampagnola.com\/de\/wp-json\/wp\/v2\/users\/6"}],"replies":[{"embeddable":true,"href":"https:\/\/www.hcampagnola.com\/de\/wp-json\/wp\/v2\/comments?post=8081"}],"version-history":[{"count":1,"href":"https:\/\/www.hcampagnola.com\/de\/wp-json\/wp\/v2\/posts\/8081\/revisions"}],"predecessor-version":[{"id":8082,"href":"https:\/\/www.hcampagnola.com\/de\/wp-json\/wp\/v2\/posts\/8081\/revisions\/8082"}],"wp:featuredmedia":[{"embeddable":true,"href":"https:\/\/www.hcampagnola.com\/de\/wp-json\/wp\/v2\/media\/10255"}],"wp:attachment":[{"href":"https:\/\/www.hcampagnola.com\/de\/wp-json\/wp\/v2\/media?parent=8081"}],"wp:term":[{"taxonomy":"category","embeddable":true,"href":"https:\/\/www.hcampagnola.com\/de\/wp-json\/wp\/v2\/categories?post=8081"},{"taxonomy":"post_tag","embeddable":true,"href":"https:\/\/www.hcampagnola.com\/de\/wp-json\/wp\/v2\/tags?post=8081"}],"curies":[{"name":"wp","href":"https:\/\/api.w.org\/{rel}","templated":true}]}}