{"id":6672,"date":"2018-10-15T12:24:18","date_gmt":"2018-10-15T10:24:18","guid":{"rendered":"http:\/\/www.hcampagnola.com\/de\/?p=6672"},"modified":"2018-10-15T12:24:18","modified_gmt":"2018-10-15T10:24:18","slug":"salo","status":"publish","type":"post","link":"https:\/\/www.hcampagnola.com\/de\/salo\/","title":{"rendered":"Sal\u00f2"},"content":{"rendered":"<p>Sal\u00f2 ist die gr\u00f6\u00dfte Stadt am Westufer des Gardasees, geh\u00f6rt zur Provinz Brescia und liegt am Fu\u00dfe des \u201e<strong>Monte San Bartolomeo<\/strong>\u201c (568 m) an der <strong>Bucht von Sal\u00f2<\/strong>. Im S\u00fcden und im Westen ist die Ortschaft von <strong>Mor\u00e4nenh\u00fcgel<\/strong> umgeben. Sal\u00f2 ist die am dichtest besiedelte Gemeinde des \u201cAlto Garda Bresciano\u201d und gilt als die \u201cHauptstadt\u201d dieses Gebietes. In Sal\u00f2 beginnt die \u201cRiviera bresciana\u201d, ein Gebiet zwischen Sal\u00f2 und Gargnano, welches von einer herrlichen mediterranen Vegetation gekennzeichnet ist. Das Klima ist mild, dank der geographischen Lage des Ortes, zwischen der Valtenesi, der \u201eValle Sabbia\u201c und dem oberen Gardasee. Die Stadt Sal\u00f2 ist ein wichtiges Tourismus-, Ausbildungs- und Kulturzentrum f\u00fcr die Ortschaften des westlichen Gardasees. Die wundersch\u00f6ne Uferpromenade ist die l\u00e4ngste Promenade des gesamten Sees. Sie f\u00fchrt zu den idyllischen, komfortablen Kiesstr\u00e4nden im S\u00fcden der Bucht. Der \u201eColle San Bartolomeo\u201c bietet zahlreiche Spazierwege und Panoramatouren durch den Pinienwald. Die Altstadt besteht aus einem dichten Netz aus Gassen und kleinen Pl\u00e4tzen, mit vielen Gesch\u00e4ften und ausgezeichneten Restaurants. Der Dom \u201cSanta Maria Annunziata\u201d gilt als bedeutendste Kirche des Gardasees. Im Jahre 1901 hat ein sehr starkes Erdbeben die Stadt fast vollst\u00e4ndig zerst\u00f6rt. Die Ruinen entlang der Promenade erinnern noch heute an diese Trag\u00f6die.<\/p>\n","protected":false},"excerpt":{"rendered":"Sal\u00f2 ist die gr\u00f6\u00dfte Stadt am Westufer des Gardasees, geh\u00f6rt zur Provinz Brescia und liegt am Fu\u00dfe des \u201eMonte San Bartolomeo\u201c (568 m) an der Bucht von Sal\u00f2. Im S\u00fcden und im Westen ist die Ortschaft von Mor\u00e4nenh\u00fcgel umgeben. Sal\u00f2 ist die am dichtest besiedelte Gemeinde des \u201cAlto Garda Bresciano\u201d und gilt als die \u201cHauptstadt\u201d&#8230; <a class=\"view-article\" href=\"https:\/\/www.hcampagnola.com\/de\/salo\/\">Artikel ansehen<\/a>","protected":false},"author":6,"featured_media":6668,"comment_status":"closed","ping_status":"open","sticky":false,"template":"","format":"standard","meta":{"_acf_changed":false,"footnotes":"","_members_access_role":[],"_members_access_error":""},"categories":[18,31],"tags":[],"class_list":["post-6672","post","type-post","status-publish","format-standard","has-post-thumbnail","hentry","category-news-de","category-news-benvenuto-de"],"acf":[],"_links":{"self":[{"href":"https:\/\/www.hcampagnola.com\/de\/wp-json\/wp\/v2\/posts\/6672","targetHints":{"allow":["GET"]}}],"collection":[{"href":"https:\/\/www.hcampagnola.com\/de\/wp-json\/wp\/v2\/posts"}],"about":[{"href":"https:\/\/www.hcampagnola.com\/de\/wp-json\/wp\/v2\/types\/post"}],"author":[{"embeddable":true,"href":"https:\/\/www.hcampagnola.com\/de\/wp-json\/wp\/v2\/users\/6"}],"replies":[{"embeddable":true,"href":"https:\/\/www.hcampagnola.com\/de\/wp-json\/wp\/v2\/comments?post=6672"}],"version-history":[{"count":1,"href":"https:\/\/www.hcampagnola.com\/de\/wp-json\/wp\/v2\/posts\/6672\/revisions"}],"predecessor-version":[{"id":6673,"href":"https:\/\/www.hcampagnola.com\/de\/wp-json\/wp\/v2\/posts\/6672\/revisions\/6673"}],"wp:featuredmedia":[{"embeddable":true,"href":"https:\/\/www.hcampagnola.com\/de\/wp-json\/wp\/v2\/media\/6668"}],"wp:attachment":[{"href":"https:\/\/www.hcampagnola.com\/de\/wp-json\/wp\/v2\/media?parent=6672"}],"wp:term":[{"taxonomy":"category","embeddable":true,"href":"https:\/\/www.hcampagnola.com\/de\/wp-json\/wp\/v2\/categories?post=6672"},{"taxonomy":"post_tag","embeddable":true,"href":"https:\/\/www.hcampagnola.com\/de\/wp-json\/wp\/v2\/tags?post=6672"}],"curies":[{"name":"wp","href":"https:\/\/api.w.org\/{rel}","templated":true}]}}