{"id":6269,"date":"2018-09-07T09:40:02","date_gmt":"2018-09-07T07:40:02","guid":{"rendered":"http:\/\/www.hcampagnola.com\/de\/?p=6269"},"modified":"2020-02-05T16:51:04","modified_gmt":"2020-02-05T15:51:04","slug":"das-olivenoel-vom-gardasee","status":"publish","type":"post","link":"https:\/\/www.hcampagnola.com\/de\/das-olivenoel-vom-gardasee\/","title":{"rendered":"Das Oliven\u00f6l vom Gardasee"},"content":{"rendered":"<p>Der Gardasee ist die n\u00f6rdlichste Region in Europa in der Oliven f\u00fcr die \u00d6lgewinnung angebaut werden k\u00f6nnen. Das Wasser des Sees verhilft zu einem milden Klima in der Region und l\u00e4sst Mittelmeerpflanzen wie Palmen, Oleander, Zitronen und Oliven gedeihen. Die Ostk\u00fcste des Sees, auch <strong>Olivenriviera<\/strong> genannt, deckt 2\/3 der Olivenproduktion im Raum Verona. Erste Anzeichen des Olivenanbaues stammen aus der Zeit der R\u00f6mer. Das Oliven\u00f6l vom Gardasee, mit <strong>der gesch\u00fctzten Herkunftsbezeichnung (DOP)<\/strong>, hat einen weichen und milden Geschmack mit fruchtiger Note, sein S\u00e4uregehalt ist nicht h\u00f6her als 0,7%. Es ist roh oder gekocht ideal durch seine Authentizit\u00e4t, seinen N\u00e4hrwert und den vollen Geschmack, es ist ein leicht verdauliches Fett und hat unz\u00e4hlige gute Eigenschaften f\u00fcr den Organismus. <strong>Das Oliven\u00f6l Extravergine del Garda<\/strong> war schon immer ein au\u00dfergew\u00f6hnliches \u00d6l und seine Frische und Milde werden in ganz Europa immer mehr gesch\u00e4tzt.<br \/>\nFragen Sie an der Rezeption, wir haben guteTipps f\u00fcr Sie.<\/p>\n","protected":false},"excerpt":{"rendered":"Der Gardasee ist die n\u00f6rdlichste Region in Europa in der Oliven f\u00fcr die \u00d6lgewinnung angebaut werden k\u00f6nnen. Das Wasser des Sees verhilft zu einem milden Klima in der Region und l\u00e4sst Mittelmeerpflanzen wie Palmen, Oleander, Zitronen und Oliven gedeihen. Die Ostk\u00fcste des Sees, auch Olivenriviera genannt, deckt 2\/3 der Olivenproduktion im Raum Verona. Erste Anzeichen&#8230; <a class=\"view-article\" href=\"https:\/\/www.hcampagnola.com\/de\/das-olivenoel-vom-gardasee\/\">Artikel ansehen<\/a>","protected":false},"author":6,"featured_media":10419,"comment_status":"closed","ping_status":"open","sticky":false,"template":"","format":"standard","meta":{"_acf_changed":false,"footnotes":"","_members_access_role":[],"_members_access_error":""},"categories":[18],"tags":[],"class_list":["post-6269","post","type-post","status-publish","format-standard","has-post-thumbnail","hentry","category-news-de"],"acf":[],"_links":{"self":[{"href":"https:\/\/www.hcampagnola.com\/de\/wp-json\/wp\/v2\/posts\/6269","targetHints":{"allow":["GET"]}}],"collection":[{"href":"https:\/\/www.hcampagnola.com\/de\/wp-json\/wp\/v2\/posts"}],"about":[{"href":"https:\/\/www.hcampagnola.com\/de\/wp-json\/wp\/v2\/types\/post"}],"author":[{"embeddable":true,"href":"https:\/\/www.hcampagnola.com\/de\/wp-json\/wp\/v2\/users\/6"}],"replies":[{"embeddable":true,"href":"https:\/\/www.hcampagnola.com\/de\/wp-json\/wp\/v2\/comments?post=6269"}],"version-history":[{"count":2,"href":"https:\/\/www.hcampagnola.com\/de\/wp-json\/wp\/v2\/posts\/6269\/revisions"}],"predecessor-version":[{"id":6273,"href":"https:\/\/www.hcampagnola.com\/de\/wp-json\/wp\/v2\/posts\/6269\/revisions\/6273"}],"wp:featuredmedia":[{"embeddable":true,"href":"https:\/\/www.hcampagnola.com\/de\/wp-json\/wp\/v2\/media\/10419"}],"wp:attachment":[{"href":"https:\/\/www.hcampagnola.com\/de\/wp-json\/wp\/v2\/media?parent=6269"}],"wp:term":[{"taxonomy":"category","embeddable":true,"href":"https:\/\/www.hcampagnola.com\/de\/wp-json\/wp\/v2\/categories?post=6269"},{"taxonomy":"post_tag","embeddable":true,"href":"https:\/\/www.hcampagnola.com\/de\/wp-json\/wp\/v2\/tags?post=6269"}],"curies":[{"name":"wp","href":"https:\/\/api.w.org\/{rel}","templated":true}]}}