{"id":4800,"date":"2018-06-04T15:00:37","date_gmt":"2018-06-04T13:00:37","guid":{"rendered":"http:\/\/www.hcampagnola.com\/en\/?p=4800"},"modified":"2018-06-04T15:00:37","modified_gmt":"2018-06-04T13:00:37","slug":"mittelalterliches-fest-in-affi-am-9-10-juni-2018","status":"publish","type":"post","link":"https:\/\/www.hcampagnola.com\/de\/mittelalterliches-fest-in-affi-am-9-10-juni-2018\/","title":{"rendered":"Mittelalterliches Fest in Affi am 9-10. Juni 2018"},"content":{"rendered":"<p>Die Altstadt von <strong>Affi<\/strong> \u00f6ffnet den Besuchern seine versteckten Ecken voller Geschichte, die dank der Einwohner und ihrer Leidenschaft f\u00fcr dieses historische Fest das jedes Jahr von neuem veranstaltet wird. Das Dorf liegt am Fu\u00df des Berges Moscal , auf dem sich im Jahre 1200 die mittelalterliche Einsiedelei des Hl. Andreas befand. Die Strassen und H\u00f6fe sind typisch f\u00fcr ein l\u00e4ndliches Dorf, mit vielen offenen Pl\u00e4tzen an denen sich die Einwohner zu einem Schw\u00e4tzchen trafen.<\/p>\n<p>In den Tagen des Fest wird Affi zum Leben erweckt, hinter jedem Hoftor wartet eine andere \u00dcberraschung, wie auf einem Filmset mit St\u00e4nden, Kaufleuten, Strassenk\u00fcnstlern, Musik und T\u00e4nzen, Ritter und Hofdamen, Bogensch\u00fctzen, Fahnenschwingern und Pferden. Ein buntes Treiben mit vielen D\u00fcften und Gerichten aus vergangenen Zeiten. Ab 17 Uhr \u00f6ffnet der Mittelalterliche Markt und ab 19.30 die gastronomischen St\u00e4nde. Ab 21 Uhr Musik und Tanzvorf\u00fchrungen auf den Pl\u00e4tzen<\/p>\n","protected":false},"excerpt":{"rendered":"Die Altstadt von Affi \u00f6ffnet den Besuchern seine versteckten Ecken voller Geschichte, die dank der Einwohner und ihrer Leidenschaft f\u00fcr dieses historische Fest das jedes Jahr von neuem veranstaltet wird. Das Dorf liegt am Fu\u00df des Berges Moscal , auf dem sich im Jahre 1200 die mittelalterliche Einsiedelei des Hl. Andreas befand. Die Strassen und&#8230; <a class=\"view-article\" href=\"https:\/\/www.hcampagnola.com\/de\/mittelalterliches-fest-in-affi-am-9-10-juni-2018\/\">Artikel ansehen<\/a>","protected":false},"author":6,"featured_media":4797,"comment_status":"closed","ping_status":"open","sticky":false,"template":"","format":"standard","meta":{"_acf_changed":false,"footnotes":"","_members_access_role":[],"_members_access_error":""},"categories":[18,31],"tags":[],"class_list":["post-4800","post","type-post","status-publish","format-standard","has-post-thumbnail","hentry","category-news-de","category-news-benvenuto-de"],"acf":[],"_links":{"self":[{"href":"https:\/\/www.hcampagnola.com\/de\/wp-json\/wp\/v2\/posts\/4800","targetHints":{"allow":["GET"]}}],"collection":[{"href":"https:\/\/www.hcampagnola.com\/de\/wp-json\/wp\/v2\/posts"}],"about":[{"href":"https:\/\/www.hcampagnola.com\/de\/wp-json\/wp\/v2\/types\/post"}],"author":[{"embeddable":true,"href":"https:\/\/www.hcampagnola.com\/de\/wp-json\/wp\/v2\/users\/6"}],"replies":[{"embeddable":true,"href":"https:\/\/www.hcampagnola.com\/de\/wp-json\/wp\/v2\/comments?post=4800"}],"version-history":[{"count":2,"href":"https:\/\/www.hcampagnola.com\/de\/wp-json\/wp\/v2\/posts\/4800\/revisions"}],"predecessor-version":[{"id":4806,"href":"https:\/\/www.hcampagnola.com\/de\/wp-json\/wp\/v2\/posts\/4800\/revisions\/4806"}],"wp:featuredmedia":[{"embeddable":true,"href":"https:\/\/www.hcampagnola.com\/de\/wp-json\/wp\/v2\/media\/4797"}],"wp:attachment":[{"href":"https:\/\/www.hcampagnola.com\/de\/wp-json\/wp\/v2\/media?parent=4800"}],"wp:term":[{"taxonomy":"category","embeddable":true,"href":"https:\/\/www.hcampagnola.com\/de\/wp-json\/wp\/v2\/categories?post=4800"},{"taxonomy":"post_tag","embeddable":true,"href":"https:\/\/www.hcampagnola.com\/de\/wp-json\/wp\/v2\/tags?post=4800"}],"curies":[{"name":"wp","href":"https:\/\/api.w.org\/{rel}","templated":true}]}}