{"id":4629,"date":"2018-05-24T12:27:12","date_gmt":"2018-05-24T10:27:12","guid":{"rendered":"http:\/\/www.hcampagnola.com\/de\/?p=4629"},"modified":"2018-05-24T12:45:35","modified_gmt":"2018-05-24T10:45:35","slug":"palio-del-chiaretto-2018-in-bardolino-vom-1-bis-3-juni","status":"publish","type":"post","link":"https:\/\/www.hcampagnola.com\/de\/palio-del-chiaretto-2018-in-bardolino-vom-1-bis-3-juni\/","title":{"rendered":"Palio del Chiaretto 2018 in Bardolino vom 1 bis 3 Juni"},"content":{"rendered":"<p>Der <strong>Palio del Chiaretto<\/strong> in <strong>Bardolino<\/strong> am Gardasee <strong>vom 1 bis 3 Juni 2018<\/strong>: Ein Spaziergang zwischen \u00f6nogastronomischen St\u00e4nden mit der M\u00f6glichkeit den Ros\u00e8 Wein und lokale Spezialit\u00e4ten zu probieren.<\/p>\n<p>F\u00fcr den Palio del Chiaretto Bardolino f\u00e4rbt sich das St\u00e4dtchen am Ufer des Gardasees ganz in rosa, ein traditionelles Fest in Hommage an den Gardasee Ros\u00e8 Wein par exellence: den Bardolino Chiaretto DOC. 15 Weinkellerein produzieren den Chiaretto im Gebiet Bardolino und sie beleben auch dieses Fest mit ihren St\u00e4nden. Man kann \u00fcber die Seepromenade schlendern und zwischen dem einen und anderen Glas Wein, St\u00e4nde mit ihren traditionalen Gerichten vom Gardasee besuchen. Au\u00dfer dem Chiaretto Bardolino und den lokalen Speisen finden eine Anzahl von musikalischen und kulturellen Veranstaltungen statt, nicht zu vergessen der nationale Wettbewerb im Dragon Boat. Das Chiaretto Bardolino Fest schlie\u00dft mit dem traditionellen Feuerwerk auf dem See.<\/p>\n","protected":false},"excerpt":{"rendered":"Der Palio del Chiaretto in Bardolino am Gardasee vom 1 bis 3 Juni 2018: Ein Spaziergang zwischen \u00f6nogastronomischen St\u00e4nden mit der M\u00f6glichkeit den Ros\u00e8 Wein und lokale Spezialit\u00e4ten zu probieren. F\u00fcr den Palio del Chiaretto Bardolino f\u00e4rbt sich das St\u00e4dtchen am Ufer des Gardasees ganz in rosa, ein traditionelles Fest in Hommage an den Gardasee&#8230; <a class=\"view-article\" href=\"https:\/\/www.hcampagnola.com\/de\/palio-del-chiaretto-2018-in-bardolino-vom-1-bis-3-juni\/\">Artikel ansehen<\/a>","protected":false},"author":6,"featured_media":4626,"comment_status":"closed","ping_status":"open","sticky":false,"template":"","format":"standard","meta":{"_acf_changed":false,"footnotes":"","_members_access_role":[],"_members_access_error":""},"categories":[18,31],"tags":[],"class_list":["post-4629","post","type-post","status-publish","format-standard","has-post-thumbnail","hentry","category-news-de","category-news-benvenuto-de"],"acf":[],"_links":{"self":[{"href":"https:\/\/www.hcampagnola.com\/de\/wp-json\/wp\/v2\/posts\/4629","targetHints":{"allow":["GET"]}}],"collection":[{"href":"https:\/\/www.hcampagnola.com\/de\/wp-json\/wp\/v2\/posts"}],"about":[{"href":"https:\/\/www.hcampagnola.com\/de\/wp-json\/wp\/v2\/types\/post"}],"author":[{"embeddable":true,"href":"https:\/\/www.hcampagnola.com\/de\/wp-json\/wp\/v2\/users\/6"}],"replies":[{"embeddable":true,"href":"https:\/\/www.hcampagnola.com\/de\/wp-json\/wp\/v2\/comments?post=4629"}],"version-history":[{"count":2,"href":"https:\/\/www.hcampagnola.com\/de\/wp-json\/wp\/v2\/posts\/4629\/revisions"}],"predecessor-version":[{"id":4643,"href":"https:\/\/www.hcampagnola.com\/de\/wp-json\/wp\/v2\/posts\/4629\/revisions\/4643"}],"wp:featuredmedia":[{"embeddable":true,"href":"https:\/\/www.hcampagnola.com\/de\/wp-json\/wp\/v2\/media\/4626"}],"wp:attachment":[{"href":"https:\/\/www.hcampagnola.com\/de\/wp-json\/wp\/v2\/media?parent=4629"}],"wp:term":[{"taxonomy":"category","embeddable":true,"href":"https:\/\/www.hcampagnola.com\/de\/wp-json\/wp\/v2\/categories?post=4629"},{"taxonomy":"post_tag","embeddable":true,"href":"https:\/\/www.hcampagnola.com\/de\/wp-json\/wp\/v2\/tags?post=4629"}],"curies":[{"name":"wp","href":"https:\/\/api.w.org\/{rel}","templated":true}]}}