{"id":4323,"date":"2018-05-10T10:52:47","date_gmt":"2018-05-10T08:52:47","guid":{"rendered":"http:\/\/www.hcampagnola.com\/de\/?p=4323"},"modified":"2018-05-10T10:55:29","modified_gmt":"2018-05-10T08:55:29","slug":"der-heller-garten-in-gardone","status":"publish","type":"post","link":"https:\/\/www.hcampagnola.com\/de\/der-heller-garten-in-gardone\/","title":{"rendered":"Der Heller Garten in Gardone"},"content":{"rendered":"<p>Der Botanische Garten der \u201eFondazione Andr\u00e8 Heller\u201c befindet sich in Gardone Riviera. Auf einer Fl\u00e4che von ca. 10000 qm am Fu\u00dfe des Berges Lavinio befindet sich eine einzigartige Sammlung von \u00fcber 2000 verschiedenen Pflanzen aus allen Kontinenten und klimatischen Zonen der Welt, speziell das majest\u00e4tische Laubwerk der Osmunda regalis, die verschiedenen Bambusarten und die Azaleen.<\/p>\n<p>Der namhafte Arzt und Naturwissenschaftler Arthur Hruska hat dieses Paradies zwischen 1910 und 1971 erschaffen, mit B\u00e4chlein, k\u00fcnstlich angelegten Seen, voll mit Fischen und bedeckt mit Seerosen und Callas. All dies versunken in einer dolomitischen Miniaturlandschaft. Im Jahre 1988 hat der Multimediak\u00fcnstler Andr\u00e8 Heller den Garten und die Villa erworben, um ein \u201eZentrum des \u00f6kologischen Gewissens\u201c zu schaffen.<\/p>\n<p>Im Inneren des Parks finden Sie Kunstwerke und Skulpturen gegenw\u00e4rtiger K\u00fcnstler wie Keith Haring, Roy Lichtenstein und Mimmo Paladino.<\/p>\n<p>Der Garten ist von M\u00e4rz bis Oktober t\u00e4glich <strong>von 9.00 \u2013 19.00 Uhr<\/strong> ge\u00f6ffnet.<\/p>\n<p>Wir hoffen das Sie diesen au\u00dfergew\u00f6hnlichen Ort frohen Herzens verlassen werden!<\/p>\n<p>&nbsp;<\/p>\n","protected":false},"excerpt":{"rendered":"Der Botanische Garten der \u201eFondazione Andr\u00e8 Heller\u201c befindet sich in Gardone Riviera. Auf einer Fl\u00e4che von ca. 10000 qm am Fu\u00dfe des Berges Lavinio befindet sich eine einzigartige Sammlung von \u00fcber 2000 verschiedenen Pflanzen aus allen Kontinenten und klimatischen Zonen der Welt, speziell das majest\u00e4tische Laubwerk der Osmunda regalis, die verschiedenen Bambusarten und die Azaleen&#8230;. <a class=\"view-article\" href=\"https:\/\/www.hcampagnola.com\/de\/der-heller-garten-in-gardone\/\">Artikel ansehen<\/a>","protected":false},"author":6,"featured_media":4321,"comment_status":"closed","ping_status":"open","sticky":false,"template":"","format":"standard","meta":{"_acf_changed":false,"footnotes":"","_members_access_role":[],"_members_access_error":""},"categories":[18],"tags":[],"class_list":["post-4323","post","type-post","status-publish","format-standard","has-post-thumbnail","hentry","category-news-de"],"acf":[],"_links":{"self":[{"href":"https:\/\/www.hcampagnola.com\/de\/wp-json\/wp\/v2\/posts\/4323","targetHints":{"allow":["GET"]}}],"collection":[{"href":"https:\/\/www.hcampagnola.com\/de\/wp-json\/wp\/v2\/posts"}],"about":[{"href":"https:\/\/www.hcampagnola.com\/de\/wp-json\/wp\/v2\/types\/post"}],"author":[{"embeddable":true,"href":"https:\/\/www.hcampagnola.com\/de\/wp-json\/wp\/v2\/users\/6"}],"replies":[{"embeddable":true,"href":"https:\/\/www.hcampagnola.com\/de\/wp-json\/wp\/v2\/comments?post=4323"}],"version-history":[{"count":2,"href":"https:\/\/www.hcampagnola.com\/de\/wp-json\/wp\/v2\/posts\/4323\/revisions"}],"predecessor-version":[{"id":4328,"href":"https:\/\/www.hcampagnola.com\/de\/wp-json\/wp\/v2\/posts\/4323\/revisions\/4328"}],"wp:featuredmedia":[{"embeddable":true,"href":"https:\/\/www.hcampagnola.com\/de\/wp-json\/wp\/v2\/media\/4321"}],"wp:attachment":[{"href":"https:\/\/www.hcampagnola.com\/de\/wp-json\/wp\/v2\/media?parent=4323"}],"wp:term":[{"taxonomy":"category","embeddable":true,"href":"https:\/\/www.hcampagnola.com\/de\/wp-json\/wp\/v2\/categories?post=4323"},{"taxonomy":"post_tag","embeddable":true,"href":"https:\/\/www.hcampagnola.com\/de\/wp-json\/wp\/v2\/tags?post=4323"}],"curies":[{"name":"wp","href":"https:\/\/api.w.org\/{rel}","templated":true}]}}