{"id":4305,"date":"2018-05-10T10:26:33","date_gmt":"2018-05-10T08:26:33","guid":{"rendered":"http:\/\/www.hcampagnola.com\/de\/?p=4305"},"modified":"2018-05-10T10:26:33","modified_gmt":"2018-05-10T08:26:33","slug":"die-flora-und-fauna-del-monte-baldo","status":"publish","type":"post","link":"https:\/\/www.hcampagnola.com\/de\/die-flora-und-fauna-del-monte-baldo\/","title":{"rendered":"Die Flora und Fauna del Monte Baldo"},"content":{"rendered":"<p>Auf dem Weg vom See bis hoch zum Gipfel erkennt man die verschiedenen Klimazonen und die vielf\u00e4ltige Vegetation des Monte Baldos:<\/p>\n<p>Am Anfang findet man einen immergr\u00fcnen mediterranen G\u00fcrtel, dann Eichen- und Kastanienw\u00e4lder und imposante Buchen und schlie\u00dflich die Latschenkiefer. Im obersten Teil verschwinden die Pflanzen g\u00e4nzlich und machen Gr\u00e4sern Platz.<\/p>\n<p>Der Monte Baldo, der auch \u201eHortus Eurpae\u201c genannt wird, wurde von ber\u00fchmten Naturforschern und Botanikern besucht. In der Eiszeit ragte der oberste Teil der Bergkette aus dem Eis hervor: hier \u00fcberlebten Flora-und Fauna Arten, die anderswo verschwanden und es entstanden einheimische Pflanzenarten, die mit dem Adjektiv \u201ebaldensis\u201c belegt wurden, um anzuzeigen, dass sie zum ersten Mal auf dem Monte Baldo gefunden wurden oder dass sie ausschlie\u00dflich hier zu finden sind, besonders Orchideen. Neben diesen findet man auch Arzneipflanzen und Kr\u00e4uter.<\/p>\n<p>Der Monte Baldo kann eine vielf\u00e4ltige Mikrofauna vorweisen: ca. 960 verschiedene Schmetterlingsarten, zahlreiche K\u00e4fer und Insekten. Unter den gr\u00f6\u00dferen Tierarten sind besonders die Schneeh\u00fchner, Auerhahn, Hasen, Eichh\u00f6rnchen, F\u00fcchse, Dachs, Wiesel sowie Murmeltiere und Rehe zu erw\u00e4hnen. Seit einigen Jahren haben sich auch die G\u00e4msen wieder hier angesiedelt.<\/p>\n<p>&nbsp;<\/p>\n","protected":false},"excerpt":{"rendered":"Auf dem Weg vom See bis hoch zum Gipfel erkennt man die verschiedenen Klimazonen und die vielf\u00e4ltige Vegetation des Monte Baldos: Am Anfang findet man einen immergr\u00fcnen mediterranen G\u00fcrtel, dann Eichen- und Kastanienw\u00e4lder und imposante Buchen und schlie\u00dflich die Latschenkiefer. Im obersten Teil verschwinden die Pflanzen g\u00e4nzlich und machen Gr\u00e4sern Platz. Der Monte Baldo, der&#8230; <a class=\"view-article\" href=\"https:\/\/www.hcampagnola.com\/de\/die-flora-und-fauna-del-monte-baldo\/\">Artikel ansehen<\/a>","protected":false},"author":6,"featured_media":4303,"comment_status":"closed","ping_status":"open","sticky":false,"template":"","format":"standard","meta":{"_acf_changed":false,"footnotes":"","_members_access_role":[],"_members_access_error":""},"categories":[18],"tags":[],"class_list":["post-4305","post","type-post","status-publish","format-standard","has-post-thumbnail","hentry","category-news-de"],"acf":[],"_links":{"self":[{"href":"https:\/\/www.hcampagnola.com\/de\/wp-json\/wp\/v2\/posts\/4305","targetHints":{"allow":["GET"]}}],"collection":[{"href":"https:\/\/www.hcampagnola.com\/de\/wp-json\/wp\/v2\/posts"}],"about":[{"href":"https:\/\/www.hcampagnola.com\/de\/wp-json\/wp\/v2\/types\/post"}],"author":[{"embeddable":true,"href":"https:\/\/www.hcampagnola.com\/de\/wp-json\/wp\/v2\/users\/6"}],"replies":[{"embeddable":true,"href":"https:\/\/www.hcampagnola.com\/de\/wp-json\/wp\/v2\/comments?post=4305"}],"version-history":[{"count":1,"href":"https:\/\/www.hcampagnola.com\/de\/wp-json\/wp\/v2\/posts\/4305\/revisions"}],"predecessor-version":[{"id":4306,"href":"https:\/\/www.hcampagnola.com\/de\/wp-json\/wp\/v2\/posts\/4305\/revisions\/4306"}],"wp:featuredmedia":[{"embeddable":true,"href":"https:\/\/www.hcampagnola.com\/de\/wp-json\/wp\/v2\/media\/4303"}],"wp:attachment":[{"href":"https:\/\/www.hcampagnola.com\/de\/wp-json\/wp\/v2\/media?parent=4305"}],"wp:term":[{"taxonomy":"category","embeddable":true,"href":"https:\/\/www.hcampagnola.com\/de\/wp-json\/wp\/v2\/categories?post=4305"},{"taxonomy":"post_tag","embeddable":true,"href":"https:\/\/www.hcampagnola.com\/de\/wp-json\/wp\/v2\/tags?post=4305"}],"curies":[{"name":"wp","href":"https:\/\/api.w.org\/{rel}","templated":true}]}}