{"id":3355,"date":"2018-02-27T12:07:55","date_gmt":"2018-02-27T11:07:55","guid":{"rendered":"http:\/\/www.hcampagnola.com\/de\/?p=3355"},"modified":"2018-03-20T12:08:47","modified_gmt":"2018-03-20T11:08:47","slug":"der-gardasee","status":"publish","type":"post","link":"https:\/\/www.hcampagnola.com\/de\/der-gardasee\/","title":{"rendered":"Der Gardasee"},"content":{"rendered":"<p>Der Gardasee, der gr\u00f6\u00dfte italienische See, wurde durch den Rh\u00e4tischen Gletscher in der vergangenen Eiszeit geformt, dessen Spuren man noch heute verfolgen kann. Erste Besiedlungen datieren um das Jahr 2000v.Chr. Sein antiker Name ist Lacus Benacus. Der Norden des Gardasees geh\u00f6rt zur Region Trentino-S\u00fcdtirol (Trentino), der Westen zur Lombardei (Brescia) und im Osten zu Venetien (Verona). Das n\u00f6rdliche Ufer ist von den Zweitausendern des Monte Baldo Gebirges ums\u00e4umt, das s\u00fcdliche Ufer liegt in der Ebene. Der See wird haupts\u00e4chlich durch den Fluss Sarca gespeist, der bei Torbole in den See flie\u00dft. Als Mincio verl\u00e4sst der Fluss den See bei Peschiera und flie\u00dft sp\u00e4ter in den Po. Im See befinden sich einige Inseln, die gr\u00f6\u00dfte, die Isola del Garda mit der Villa Borghese liegt in der N\u00e4he von Sal\u00f2. 2 km s\u00fcdlich davon liegt die Insel San Biagio auch \u201edei Conigli\u201c, die Kanincheninsel genannt. Die Isola di Trimolone vor Assenza\/Brenzone, war bis 2005 milit\u00e4risches Sperrgebiet.<\/p>\n<p>Einige Daten: der See liegt 65 m \u00fc\/M Fl\u00e4che 369,98 km\u201c, L\u00e4nge 51,6 km, Breite 17,2 km, Umfang 158,4 km, max. Tiefe 346m, mittlere Tiefe 133,3m<\/p>\n<p>&nbsp;<\/p>\n","protected":false},"excerpt":{"rendered":"Der Gardasee, der gr\u00f6\u00dfte italienische See, wurde durch den Rh\u00e4tischen Gletscher in der vergangenen Eiszeit geformt, dessen Spuren man noch heute verfolgen kann. Erste Besiedlungen datieren um das Jahr 2000v.Chr. Sein antiker Name ist Lacus Benacus. Der Norden des Gardasees geh\u00f6rt zur Region Trentino-S\u00fcdtirol (Trentino), der Westen zur Lombardei (Brescia) und im Osten zu Venetien&#8230; <a class=\"view-article\" href=\"https:\/\/www.hcampagnola.com\/de\/der-gardasee\/\">Artikel ansehen<\/a>","protected":false},"author":6,"featured_media":3353,"comment_status":"closed","ping_status":"open","sticky":false,"template":"","format":"standard","meta":{"_acf_changed":false,"footnotes":"","_members_access_role":[],"_members_access_error":""},"categories":[18,31],"tags":[],"class_list":["post-3355","post","type-post","status-publish","format-standard","has-post-thumbnail","hentry","category-news-de","category-news-benvenuto-de"],"acf":[],"_links":{"self":[{"href":"https:\/\/www.hcampagnola.com\/de\/wp-json\/wp\/v2\/posts\/3355","targetHints":{"allow":["GET"]}}],"collection":[{"href":"https:\/\/www.hcampagnola.com\/de\/wp-json\/wp\/v2\/posts"}],"about":[{"href":"https:\/\/www.hcampagnola.com\/de\/wp-json\/wp\/v2\/types\/post"}],"author":[{"embeddable":true,"href":"https:\/\/www.hcampagnola.com\/de\/wp-json\/wp\/v2\/users\/6"}],"replies":[{"embeddable":true,"href":"https:\/\/www.hcampagnola.com\/de\/wp-json\/wp\/v2\/comments?post=3355"}],"version-history":[{"count":1,"href":"https:\/\/www.hcampagnola.com\/de\/wp-json\/wp\/v2\/posts\/3355\/revisions"}],"predecessor-version":[{"id":3356,"href":"https:\/\/www.hcampagnola.com\/de\/wp-json\/wp\/v2\/posts\/3355\/revisions\/3356"}],"wp:featuredmedia":[{"embeddable":true,"href":"https:\/\/www.hcampagnola.com\/de\/wp-json\/wp\/v2\/media\/3353"}],"wp:attachment":[{"href":"https:\/\/www.hcampagnola.com\/de\/wp-json\/wp\/v2\/media?parent=3355"}],"wp:term":[{"taxonomy":"category","embeddable":true,"href":"https:\/\/www.hcampagnola.com\/de\/wp-json\/wp\/v2\/categories?post=3355"},{"taxonomy":"post_tag","embeddable":true,"href":"https:\/\/www.hcampagnola.com\/de\/wp-json\/wp\/v2\/tags?post=3355"}],"curies":[{"name":"wp","href":"https:\/\/api.w.org\/{rel}","templated":true}]}}