{"id":209,"date":"2016-09-02T15:08:45","date_gmt":"2016-09-02T13:08:45","guid":{"rendered":"http:\/\/www.hcampagnola.com\/de\/?p=209"},"modified":"2017-05-18T15:10:28","modified_gmt":"2017-05-18T13:10:28","slug":"sagra-dei-osei-vogelfest-in-cisano-vom-8-bis-12-september-2016","status":"publish","type":"post","link":"https:\/\/www.hcampagnola.com\/de\/sagra-dei-osei-vogelfest-in-cisano-vom-8-bis-12-september-2016\/","title":{"rendered":"Sagra dei Osei \u2013Vogelfest in Cisano vom 8 bis 12 September 2016"},"content":{"rendered":"<p>Dieses historische Fest wird immer am 8 September, Maria Geburt, gefeiert und seit dem Jahre 1840 findet es in Cisano am Gardasee statt. Urspr\u00fcnglich war es eine Ausstellung von Lockv\u00f6geln f\u00fcr die Jagd, mit der Zeit wurde sie zu einem wichtigen Treffpunkt f\u00fcr J\u00e4ger und Bauern. Heute sind es die Lock- und Singv\u00f6gel, die die Besucher besonders anziehen. H\u00f6hepunkt ist der Gesangwettbewerb \u2013 Gara delle Primavere am 8. September. Um 6.30 stimmen im malerischen Rahmen des Parks Marzan die unterschiedlichsten Vogelarten zum Gesang an: Amseln, Singdrosseln, Lerchen, Buchfinken, Baumpieper, Rotdrosseln, Stieglitze und viele andere. Weiteres Highlight ist der Vogelstimmenwettbewerb, auch am 8. September um 10.30, indem Vogelkenner, mit oder ohne Hilfe einer Pfeife, Vogelstimmen nachahmen. Im Rahmen der Sagra dei Osei in Cisano vom 8 bis 12 September sollten Sie sich nicht die Konzerte, Ausstellungen, Begleitevents und die lokalen Spezialit\u00e4ten an den gastronomischen St\u00e4nden entgehen lassen.<\/p>\n","protected":false},"excerpt":{"rendered":"Dieses historische Fest wird immer am 8 September, Maria Geburt, gefeiert und seit dem Jahre 1840 findet es in Cisano am Gardasee statt. Urspr\u00fcnglich war es eine Ausstellung von Lockv\u00f6geln f\u00fcr die Jagd, mit der Zeit wurde sie zu einem wichtigen Treffpunkt f\u00fcr J\u00e4ger und Bauern. Heute sind es die Lock- und Singv\u00f6gel, die die&#8230; <a class=\"view-article\" href=\"https:\/\/www.hcampagnola.com\/de\/sagra-dei-osei-vogelfest-in-cisano-vom-8-bis-12-september-2016\/\">Artikel ansehen<\/a>","protected":false},"author":6,"featured_media":207,"comment_status":"closed","ping_status":"open","sticky":false,"template":"","format":"standard","meta":{"_acf_changed":false,"footnotes":"","_members_access_role":[],"_members_access_error":""},"categories":[18],"tags":[],"class_list":["post-209","post","type-post","status-publish","format-standard","has-post-thumbnail","hentry","category-news-de"],"acf":[],"_links":{"self":[{"href":"https:\/\/www.hcampagnola.com\/de\/wp-json\/wp\/v2\/posts\/209","targetHints":{"allow":["GET"]}}],"collection":[{"href":"https:\/\/www.hcampagnola.com\/de\/wp-json\/wp\/v2\/posts"}],"about":[{"href":"https:\/\/www.hcampagnola.com\/de\/wp-json\/wp\/v2\/types\/post"}],"author":[{"embeddable":true,"href":"https:\/\/www.hcampagnola.com\/de\/wp-json\/wp\/v2\/users\/6"}],"replies":[{"embeddable":true,"href":"https:\/\/www.hcampagnola.com\/de\/wp-json\/wp\/v2\/comments?post=209"}],"version-history":[{"count":1,"href":"https:\/\/www.hcampagnola.com\/de\/wp-json\/wp\/v2\/posts\/209\/revisions"}],"predecessor-version":[{"id":210,"href":"https:\/\/www.hcampagnola.com\/de\/wp-json\/wp\/v2\/posts\/209\/revisions\/210"}],"wp:featuredmedia":[{"embeddable":true,"href":"https:\/\/www.hcampagnola.com\/de\/wp-json\/wp\/v2\/media\/207"}],"wp:attachment":[{"href":"https:\/\/www.hcampagnola.com\/de\/wp-json\/wp\/v2\/media?parent=209"}],"wp:term":[{"taxonomy":"category","embeddable":true,"href":"https:\/\/www.hcampagnola.com\/de\/wp-json\/wp\/v2\/categories?post=209"},{"taxonomy":"post_tag","embeddable":true,"href":"https:\/\/www.hcampagnola.com\/de\/wp-json\/wp\/v2\/tags?post=209"}],"curies":[{"name":"wp","href":"https:\/\/api.w.org\/{rel}","templated":true}]}}