{"id":19254,"date":"2025-09-01T12:20:01","date_gmt":"2025-09-01T10:20:01","guid":{"rendered":"https:\/\/www.hcampagnola.com\/?p=19254"},"modified":"2025-09-19T12:23:42","modified_gmt":"2025-09-19T10:23:42","slug":"september-am-gardasee-zwischen-der-sagra-dei-osei-und-dem-sisan-museum","status":"publish","type":"post","link":"https:\/\/www.hcampagnola.com\/de\/september-am-gardasee-zwischen-der-sagra-dei-osei-und-dem-sisan-museum\/","title":{"rendered":"September am Gardasee: zwischen der Sagra dei Osei und dem Sis\u00e0n-Museum"},"content":{"rendered":"\n<p>Der September am See bringt ein anderes Tempo: der Sommer weicht dem Herbst, und die Traditionen r\u00fccken wieder in den Mittelpunkt. Es ist Zeit f\u00fcr die Sagra dei Osei in Cisano, eine der \u00e4ltesten und charakteristischsten Veranstaltungen der Region, die dieses Jahr vom 4. bis 9. September 2025 stattfindet.<br><br>Urspr\u00fcnglich vor Jahrhunderten als Vogelmarkt entstanden, ist die Sagra heute ein gro\u00dfes Volksfest, das die Uferpromenade von Cisano mit St\u00e4nden, Ausstellungen, Musik und Herbstd\u00fcften belebt. Beim Schlendern durch die St\u00e4nde sp\u00fcrt man eine authentische Atmosph\u00e4re: lokale Aromen, handwerkliche Ausstellungen, Kl\u00e4nge, die von der Vergangenheit erz\u00e4hlen. Ein Ereignis, das Folklore und Gemeinschaft verbindet und den September am Gardasee besonders macht.<br><br>Nur wenige Schritte vom Fest entfernt lohnt sich ein Besuch im Sis\u00e0n-Museum, einem kleinen Schatz, der der Ornithologie, der Fischerei und den l\u00e4ndlichen Traditionen des Gardasees gewidmet ist. Seine R\u00e4ume beherbergen Werkzeuge, Relikte und Kuriosit\u00e4ten, die die tiefe Verbindung zwischen Mensch und See zeigen \u2013 ein faszinierender Rundgang auch f\u00fcr Kinder, dank einer klaren und unmittelbaren Erz\u00e4hlweise.<br><br>Die Sagra und das Museum werden so zu zwei Seiten derselben Medaille: auf der einen Seite die Lebendigkeit des Volksfestes, auf der anderen die bewahrte Erinnerung eines Erbes, das es zu entdecken gilt.<br><br>Der September ist der richtige Monat, um diese echte Seite des Gardasees zu entdecken \u2013 gepr\u00e4gt von einfachen Gesten, Begegnungen und \u00fcberlieferten Geschichten. Zur\u00fcck in Bardolino erstrahlt die Uferpromenade in einem weicheren Licht, perfekt, um den Tag ruhig und mit einem Gef\u00fchl der Zugeh\u00f6rigkeit ausklingen zu lassen.<br><br>Buchen Sie Ihren Aufenthalt und erleben Sie die Traditionen des Gardasees hautnah: die Sagra dei Osei und das Sis\u00e0n-Museum erwarten Sie.<\/p>\n","protected":false},"excerpt":{"rendered":"Der September am See bringt ein anderes Tempo: der Sommer weicht dem Herbst, und die Traditionen r\u00fccken wieder in den Mittelpunkt. Es ist Zeit f\u00fcr die Sagra dei Osei in Cisano, eine der \u00e4ltesten und charakteristischsten Veranstaltungen der Region, die dieses Jahr vom 4. bis 9. September 2025 stattfindet. Urspr\u00fcnglich vor Jahrhunderten als Vogelmarkt entstanden,&#8230; <a class=\"view-article\" href=\"https:\/\/www.hcampagnola.com\/de\/september-am-gardasee-zwischen-der-sagra-dei-osei-und-dem-sisan-museum\/\">Artikel ansehen<\/a>","protected":false},"author":9,"featured_media":19225,"comment_status":"closed","ping_status":"open","sticky":false,"template":"","format":"standard","meta":{"_acf_changed":false,"footnotes":"","_members_access_role":[],"_members_access_error":""},"categories":[18],"tags":[],"class_list":["post-19254","post","type-post","status-publish","format-standard","has-post-thumbnail","hentry","category-news-de"],"acf":[],"_links":{"self":[{"href":"https:\/\/www.hcampagnola.com\/de\/wp-json\/wp\/v2\/posts\/19254","targetHints":{"allow":["GET"]}}],"collection":[{"href":"https:\/\/www.hcampagnola.com\/de\/wp-json\/wp\/v2\/posts"}],"about":[{"href":"https:\/\/www.hcampagnola.com\/de\/wp-json\/wp\/v2\/types\/post"}],"author":[{"embeddable":true,"href":"https:\/\/www.hcampagnola.com\/de\/wp-json\/wp\/v2\/users\/9"}],"replies":[{"embeddable":true,"href":"https:\/\/www.hcampagnola.com\/de\/wp-json\/wp\/v2\/comments?post=19254"}],"version-history":[{"count":1,"href":"https:\/\/www.hcampagnola.com\/de\/wp-json\/wp\/v2\/posts\/19254\/revisions"}],"predecessor-version":[{"id":19255,"href":"https:\/\/www.hcampagnola.com\/de\/wp-json\/wp\/v2\/posts\/19254\/revisions\/19255"}],"wp:featuredmedia":[{"embeddable":true,"href":"https:\/\/www.hcampagnola.com\/de\/wp-json\/wp\/v2\/media\/19225"}],"wp:attachment":[{"href":"https:\/\/www.hcampagnola.com\/de\/wp-json\/wp\/v2\/media?parent=19254"}],"wp:term":[{"taxonomy":"category","embeddable":true,"href":"https:\/\/www.hcampagnola.com\/de\/wp-json\/wp\/v2\/categories?post=19254"},{"taxonomy":"post_tag","embeddable":true,"href":"https:\/\/www.hcampagnola.com\/de\/wp-json\/wp\/v2\/tags?post=19254"}],"curies":[{"name":"wp","href":"https:\/\/api.w.org\/{rel}","templated":true}]}}