{"id":147,"date":"2017-05-13T14:22:03","date_gmt":"2017-05-13T12:22:03","guid":{"rendered":"http:\/\/www.hcampagnola.com\/de\/?p=147"},"modified":"2017-05-18T14:23:16","modified_gmt":"2017-05-18T12:23:16","slug":"palio-del-chiaretto-2017-in-bardolino-vom-02-bis-04-juny-2017","status":"publish","type":"post","link":"https:\/\/www.hcampagnola.com\/de\/palio-del-chiaretto-2017-in-bardolino-vom-02-bis-04-juny-2017\/","title":{"rendered":"Palio del Chiaretto 2017 in Bardolino vom 02 bis 04 Juny 2017"},"content":{"rendered":"<p>Der Palio del Chiaretto in Bardolino am Gardasee vom 02 bis 04 Juny 2017: Ein Spaziergang zwischen \u00f6nogastronomischen St\u00e4nden mit der M\u00f6glichkeit den Ros\u00e8 Wein und lokale Spezialit\u00e4ten zu probieren. F\u00fcr den Palio del Chiaretto Bardolino f\u00e4rbt sich das St\u00e4dtchen am Ufer des Gardasees ganz in rosa, ein traditionelles Fest in Hommage an den Gardasee Ros\u00e8 Wein par exellence: den Bardolino Chiaretto DOC. 15 Weinkellerein produzieren den Chiaretto im Gebiet Bardolino und sie beleben auch dieses Fest mit ihren St\u00e4nden. Man kann \u00fcber die Seepromenade schlendern und zwischen dem einen und anderen Glas Wein, St\u00e4nde mit ihren traditionalen Gerichten vom Gardasee besuchen. Ausser dem Chiaretto Bardolino und den lokalen Speisen finden eine Anzahl von musikalischen und kulturellen Veranstaltungen statt, nicht zu vergessen der nationale Wettbewerb im Dragon Boat. Das Chiaretto Bardolino Fest schlie\u00dft mit dem traditionellen Feuerwerk auf dem See.<\/p>\n","protected":false},"excerpt":{"rendered":"Der Palio del Chiaretto in Bardolino am Gardasee vom 02 bis 04 Juny 2017: Ein Spaziergang zwischen \u00f6nogastronomischen St\u00e4nden mit der M\u00f6glichkeit den Ros\u00e8 Wein und lokale Spezialit\u00e4ten zu probieren. F\u00fcr den Palio del Chiaretto Bardolino f\u00e4rbt sich das St\u00e4dtchen am Ufer des Gardasees ganz in rosa, ein traditionelles Fest in Hommage an den Gardasee&#8230; <a class=\"view-article\" href=\"https:\/\/www.hcampagnola.com\/de\/palio-del-chiaretto-2017-in-bardolino-vom-02-bis-04-juny-2017\/\">Artikel ansehen<\/a>","protected":false},"author":6,"featured_media":139,"comment_status":"closed","ping_status":"open","sticky":false,"template":"","format":"standard","meta":{"_acf_changed":false,"footnotes":"","_members_access_role":[],"_members_access_error":""},"categories":[18],"tags":[],"class_list":["post-147","post","type-post","status-publish","format-standard","has-post-thumbnail","hentry","category-news-de"],"acf":[],"_links":{"self":[{"href":"https:\/\/www.hcampagnola.com\/de\/wp-json\/wp\/v2\/posts\/147","targetHints":{"allow":["GET"]}}],"collection":[{"href":"https:\/\/www.hcampagnola.com\/de\/wp-json\/wp\/v2\/posts"}],"about":[{"href":"https:\/\/www.hcampagnola.com\/de\/wp-json\/wp\/v2\/types\/post"}],"author":[{"embeddable":true,"href":"https:\/\/www.hcampagnola.com\/de\/wp-json\/wp\/v2\/users\/6"}],"replies":[{"embeddable":true,"href":"https:\/\/www.hcampagnola.com\/de\/wp-json\/wp\/v2\/comments?post=147"}],"version-history":[{"count":1,"href":"https:\/\/www.hcampagnola.com\/de\/wp-json\/wp\/v2\/posts\/147\/revisions"}],"predecessor-version":[{"id":148,"href":"https:\/\/www.hcampagnola.com\/de\/wp-json\/wp\/v2\/posts\/147\/revisions\/148"}],"wp:featuredmedia":[{"embeddable":true,"href":"https:\/\/www.hcampagnola.com\/de\/wp-json\/wp\/v2\/media\/139"}],"wp:attachment":[{"href":"https:\/\/www.hcampagnola.com\/de\/wp-json\/wp\/v2\/media?parent=147"}],"wp:term":[{"taxonomy":"category","embeddable":true,"href":"https:\/\/www.hcampagnola.com\/de\/wp-json\/wp\/v2\/categories?post=147"},{"taxonomy":"post_tag","embeddable":true,"href":"https:\/\/www.hcampagnola.com\/de\/wp-json\/wp\/v2\/tags?post=147"}],"curies":[{"name":"wp","href":"https:\/\/api.w.org\/{rel}","templated":true}]}}